{"id":30070,"date":"2017-02-24T15:19:15","date_gmt":"2017-02-24T14:19:15","guid":{"rendered":"http:\/\/www.miy.ch\/fr\/?p=30070"},"modified":"2017-02-24T15:35:29","modified_gmt":"2017-02-24T14:35:29","slug":"plateau-de-rangement-pour-fraises","status":"publish","type":"post","link":"https:\/\/www.miy.ch\/fr\/technologies\/cnc-laser\/plateau-de-rangement-pour-fraises\/","title":{"rendered":"Plateau de rangement pour fraises"},"content":{"rendered":"<p>[et_pb_section admin_label=\u00a0\u00bbSection\u00a0\u00bb fullwidth=\u00a0\u00bboff\u00a0\u00bb specialty=\u00a0\u00bboff\u00a0\u00bb][et_pb_row admin_label=\u00a0\u00bbRow\u00a0\u00bb make_fullwidth=\u00a0\u00bboff\u00a0\u00bb use_custom_width=\u00a0\u00bboff\u00a0\u00bb width_unit=\u00a0\u00bbon\u00a0\u00bb use_custom_gutter=\u00a0\u00bboff\u00a0\u00bb padding_mobile=\u00a0\u00bboff\u00a0\u00bb allow_player_pause=\u00a0\u00bboff\u00a0\u00bb parallax=\u00a0\u00bboff\u00a0\u00bb parallax_method=\u00a0\u00bboff\u00a0\u00bb make_equal=\u00a0\u00bboff\u00a0\u00bb parallax_1=\u00a0\u00bboff\u00a0\u00bb parallax_method_1=\u00a0\u00bboff\u00a0\u00bb parallax_2=\u00a0\u00bboff\u00a0\u00bb parallax_method_2=\u00a0\u00bboff\u00a0\u00bb column_padding_mobile=\u00a0\u00bbon\u00a0\u00bb background_color=\u00a0\u00bb#efefef\u00a0\u00bb][et_pb_column type=\u00a0\u00bb1_3&Prime;][et_pb_blurb admin_label=\u00a0\u00bbBlurb\u00a0\u00bb title=\u00a0\u00bbMilling bit organizer\u00a0\u00bb url_new_window=\u00a0\u00bboff\u00a0\u00bb use_icon=\u00a0\u00bboff\u00a0\u00bb icon_color=\u00a0\u00bb#7EBEC5&Prime; use_circle=\u00a0\u00bboff\u00a0\u00bb circle_color=\u00a0\u00bb#7EBEC5&Prime; use_circle_border=\u00a0\u00bboff\u00a0\u00bb circle_border_color=\u00a0\u00bb#7EBEC5&Prime; icon_placement=\u00a0\u00bbtop\u00a0\u00bb animation=\u00a0\u00bbtop\u00a0\u00bb background_layout=\u00a0\u00bblight\u00a0\u00bb text_orientation=\u00a0\u00bbleft\u00a0\u00bb use_icon_font_size=\u00a0\u00bboff\u00a0\u00bb header_font_size=\u00a0\u00bb20&Prime; header_text_color=\u00a0\u00bb#fa6c0b\u00a0\u00bb use_border_color=\u00a0\u00bboff\u00a0\u00bb border_color=\u00a0\u00bb#ffffff\u00a0\u00bb border_style=\u00a0\u00bbsolid\u00a0\u00bb header_font=\u00a0\u00bb|on|||\u00a0\u00bb] [\/et_pb_blurb][et_pb_text admin_label=\u00a0\u00bbText\u00a0\u00bb background_layout=\u00a0\u00bblight\u00a0\u00bb text_orientation=\u00a0\u00bbleft\u00a0\u00bb use_border_color=\u00a0\u00bboff\u00a0\u00bb border_color=\u00a0\u00bb#ffffff\u00a0\u00bb border_style=\u00a0\u00bbsolid\u00a0\u00bb]<\/p>\n<p><strong>Milling Bit organizer<br \/>\nMade By: <\/strong>Customer MIY201<br \/>\n<strong>Date:<\/strong> Feb 1 2017<br \/>\n<strong>Materials:\u00a0<\/strong>Light plywood<br \/>\n<strong>Machines:\u00a0<\/strong>100W lasercutter<br \/>\n<strong>Time: <\/strong>3 h<\/p>\n<p>&nbsp;<\/p>\n<p>[\/et_pb_text][\/et_pb_column][et_pb_column type=\u00a0\u00bb2_3&Prime;][et_pb_text admin_label=\u00a0\u00bbText\u00a0\u00bb background_layout=\u00a0\u00bblight\u00a0\u00bb text_orientation=\u00a0\u00bbleft\u00a0\u00bb use_border_color=\u00a0\u00bboff\u00a0\u00bb border_color=\u00a0\u00bb#ffffff\u00a0\u00bb border_style=\u00a0\u00bbsolid\u00a0\u00bb]<\/p>\n<p>We always found that having too many tools around can be troublesome so we commissioned our makers to build the ultimate tool display with the laser cutter. Check out the plans below to get an idea of how to build your own.<\/p>\n<p>[\/et_pb_text][\/et_pb_column][\/et_pb_row][et_pb_row admin_label=\u00a0\u00bbRow\u00a0\u00bb][et_pb_column type=\u00a0\u00bb4_4&Prime;][et_pb_gallery admin_label=\u00a0\u00bbGallery\u00a0\u00bb gallery_ids=\u00a0\u00bb29910,29905,29906,29904,29903,29902,29907,29898,29900,29901,29897,29894,29895,29896&Prime; fullwidth=\u00a0\u00bboff\u00a0\u00bb show_title_and_caption=\u00a0\u00bboff\u00a0\u00bb show_pagination=\u00a0\u00bbon\u00a0\u00bb background_layout=\u00a0\u00bblight\u00a0\u00bb auto=\u00a0\u00bboff\u00a0\u00bb hover_overlay_color=\u00a0\u00bbrgba(255,255,255,0.9)\u00a0\u00bb caption_all_caps=\u00a0\u00bboff\u00a0\u00bb use_border_color=\u00a0\u00bboff\u00a0\u00bb border_color=\u00a0\u00bb#ffffff\u00a0\u00bb border_style=\u00a0\u00bbsolid\u00a0\u00bb posts_number=\u00a0\u00bb16&Prime;] [\/et_pb_gallery][\/et_pb_column][\/et_pb_row][\/et_pb_section]<\/p>\n","protected":false},"excerpt":{"rendered":"<p>[et_pb_section admin_label=\u00a0\u00bbSection\u00a0\u00bb fullwidth=\u00a0\u00bboff\u00a0\u00bb specialty=\u00a0\u00bboff\u00a0\u00bb][et_pb_row admin_label=\u00a0\u00bbRow\u00a0\u00bb make_fullwidth=\u00a0\u00bboff\u00a0\u00bb use_custom_width=\u00a0\u00bboff\u00a0\u00bb width_unit=\u00a0\u00bbon\u00a0\u00bb use_custom_gutter=\u00a0\u00bboff\u00a0\u00bb padding_mobile=\u00a0\u00bboff\u00a0\u00bb allow_player_pause=\u00a0\u00bboff\u00a0\u00bb parallax=\u00a0\u00bboff\u00a0\u00bb parallax_method=\u00a0\u00bboff\u00a0\u00bb make_equal=\u00a0\u00bboff\u00a0\u00bb parallax_1=\u00a0\u00bboff\u00a0\u00bb parallax_method_1=\u00a0\u00bboff\u00a0\u00bb parallax_2=\u00a0\u00bboff\u00a0\u00bb parallax_method_2=\u00a0\u00bboff\u00a0\u00bb column_padding_mobile=\u00a0\u00bbon\u00a0\u00bb background_color=\u00a0\u00bb#efefef\u00a0\u00bb][et_pb_column type=\u00a0\u00bb1_3&Prime;][et_pb_blurb admin_label=\u00a0\u00bbBlurb\u00a0\u00bb title=\u00a0\u00bbMilling bit organizer\u00a0\u00bb url_new_window=\u00a0\u00bboff\u00a0\u00bb use_icon=\u00a0\u00bboff\u00a0\u00bb icon_color=\u00a0\u00bb#7EBEC5&Prime; use_circle=\u00a0\u00bboff\u00a0\u00bb circle_color=\u00a0\u00bb#7EBEC5&Prime; use_circle_border=\u00a0\u00bboff\u00a0\u00bb circle_border_color=\u00a0\u00bb#7EBEC5&Prime; icon_placement=\u00a0\u00bbtop\u00a0\u00bb animation=\u00a0\u00bbtop\u00a0\u00bb background_layout=\u00a0\u00bblight\u00a0\u00bb text_orientation=\u00a0\u00bbleft\u00a0\u00bb use_icon_font_size=\u00a0\u00bboff\u00a0\u00bb header_font_size=\u00a0\u00bb20&Prime; header_text_color=\u00a0\u00bb#fa6c0b\u00a0\u00bb use_border_color=\u00a0\u00bboff\u00a0\u00bb border_color=\u00a0\u00bb#ffffff\u00a0\u00bb border_style=\u00a0\u00bbsolid\u00a0\u00bb header_font=\u00a0\u00bb|on|||\u00a0\u00bb] [\/et_pb_blurb][et_pb_text admin_label=\u00a0\u00bbText\u00a0\u00bb background_layout=\u00a0\u00bblight\u00a0\u00bb text_orientation=\u00a0\u00bbleft\u00a0\u00bb use_border_color=\u00a0\u00bboff\u00a0\u00bb border_color=\u00a0\u00bb#ffffff\u00a0\u00bb border_style=\u00a0\u00bbsolid\u00a0\u00bb] Milling Bit organizer Made By: [&hellip;]<\/p>\n","protected":false},"author":2,"featured_media":29909,"comment_status":"open","ping_status":"open","sticky":false,"template":"","format":"standard","meta":{"_et_pb_use_builder":"on","_et_pb_old_content":"","_et_gb_content_width":"","footnotes":""},"categories":[43],"tags":[],"class_list":["post-30070","post","type-post","status-publish","format-standard","has-post-thumbnail","hentry","category-cnc-laser"],"yoast_head":"<!-- This site is optimized with the Yoast SEO plugin v24.2 - https:\/\/yoast.com\/wordpress\/plugins\/seo\/ -->\n<title>Plateau de rangement pour fraises MIY Makerspace coworking coaching<\/title>\n<meta name=\"description\" content=\"Plateau de rangement pour fraises MIY MakerSpace pour les cr\u00e9ateurs. Le seul fablab de coworking de Fribourg avec machines de pointe, coaching et team building\" \/>\n<meta name=\"robots\" content=\"index, follow, max-snippet:-1, max-image-preview:large, max-video-preview:-1\" \/>\n<link rel=\"canonical\" href=\"https:\/\/www.miy.ch\/fr\/technologies\/cnc-laser\/plateau-de-rangement-pour-fraises\/\" \/>\n<meta property=\"og:locale\" content=\"fr_FR\" \/>\n<meta property=\"og:type\" content=\"article\" \/>\n<meta property=\"og:title\" content=\"Plateau de rangement pour fraises MIY Makerspace coworking coaching\" \/>\n<meta property=\"og:description\" content=\"Plateau de rangement pour fraises MIY MakerSpace pour les cr\u00e9ateurs. Le seul fablab de coworking de Fribourg avec machines de pointe, coaching et team building\" \/>\n<meta property=\"og:url\" content=\"https:\/\/www.miy.ch\/fr\/technologies\/cnc-laser\/plateau-de-rangement-pour-fraises\/\" \/>\n<meta property=\"og:site_name\" content=\"MIY Makerspace\" \/>\n<meta property=\"article:publisher\" content=\"https:\/\/www.facebook.com\/groups\/MIYmakerspace\" \/>\n<meta property=\"article:published_time\" content=\"2017-02-24T14:19:15+00:00\" \/>\n<meta property=\"article:modified_time\" content=\"2017-02-24T14:35:29+00:00\" \/>\n<meta property=\"og:image\" content=\"https:\/\/www.miy.ch\/wp-content\/uploads\/2016\/07\/20170217_162620-1.jpg\" \/>\n\t<meta property=\"og:image:width\" content=\"1500\" \/>\n\t<meta property=\"og:image:height\" content=\"844\" \/>\n\t<meta property=\"og:image:type\" content=\"image\/jpeg\" \/>\n<meta name=\"author\" content=\"Pierre Chevalier\" \/>\n<meta name=\"twitter:card\" content=\"summary_large_image\" \/>\n<meta name=\"twitter:creator\" content=\"@miymakerspace\" \/>\n<meta name=\"twitter:site\" content=\"@miymakerspace\" \/>\n<meta name=\"twitter:label1\" content=\"\u00c9crit par\" \/>\n\t<meta name=\"twitter:data1\" content=\"Pierre Chevalier\" \/>\n\t<meta name=\"twitter:label2\" content=\"Dur\u00e9e de lecture estim\u00e9e\" \/>\n\t<meta name=\"twitter:data2\" content=\"2 minutes\" \/>\n<script type=\"application\/ld+json\" class=\"yoast-schema-graph\">{\"@context\":\"https:\/\/schema.org\",\"@graph\":[{\"@type\":\"Article\",\"@id\":\"https:\/\/www.miy.ch\/fr\/technologies\/cnc-laser\/plateau-de-rangement-pour-fraises\/#article\",\"isPartOf\":{\"@id\":\"https:\/\/www.miy.ch\/fr\/technologies\/cnc-laser\/plateau-de-rangement-pour-fraises\/\"},\"author\":{\"name\":\"Pierre Chevalier\",\"@id\":\"https:\/\/www.miy.ch\/fr\/#\/schema\/person\/29767853d5182d0f8d31d5d5026d18e6\"},\"headline\":\"Plateau de rangement pour fraises\",\"datePublished\":\"2017-02-24T14:19:15+00:00\",\"dateModified\":\"2017-02-24T14:35:29+00:00\",\"mainEntityOfPage\":{\"@id\":\"https:\/\/www.miy.ch\/fr\/technologies\/cnc-laser\/plateau-de-rangement-pour-fraises\/\"},\"wordCount\":334,\"commentCount\":0,\"publisher\":{\"@id\":\"https:\/\/www.miy.ch\/fr\/#organization\"},\"image\":{\"@id\":\"https:\/\/www.miy.ch\/fr\/technologies\/cnc-laser\/plateau-de-rangement-pour-fraises\/#primaryimage\"},\"thumbnailUrl\":\"https:\/\/www.miy.ch\/wp-content\/uploads\/2016\/07\/20170217_162620-1.jpg\",\"articleSection\":[\"D\u00e9coupe LASER\"],\"inLanguage\":\"fr-FR\",\"potentialAction\":[{\"@type\":\"CommentAction\",\"name\":\"Comment\",\"target\":[\"https:\/\/www.miy.ch\/fr\/technologies\/cnc-laser\/plateau-de-rangement-pour-fraises\/#respond\"]}]},{\"@type\":\"WebPage\",\"@id\":\"https:\/\/www.miy.ch\/fr\/technologies\/cnc-laser\/plateau-de-rangement-pour-fraises\/\",\"url\":\"https:\/\/www.miy.ch\/fr\/technologies\/cnc-laser\/plateau-de-rangement-pour-fraises\/\",\"name\":\"Plateau de rangement pour fraises MIY Makerspace coworking coaching\",\"isPartOf\":{\"@id\":\"https:\/\/www.miy.ch\/fr\/#website\"},\"primaryImageOfPage\":{\"@id\":\"https:\/\/www.miy.ch\/fr\/technologies\/cnc-laser\/plateau-de-rangement-pour-fraises\/#primaryimage\"},\"image\":{\"@id\":\"https:\/\/www.miy.ch\/fr\/technologies\/cnc-laser\/plateau-de-rangement-pour-fraises\/#primaryimage\"},\"thumbnailUrl\":\"https:\/\/www.miy.ch\/wp-content\/uploads\/2016\/07\/20170217_162620-1.jpg\",\"datePublished\":\"2017-02-24T14:19:15+00:00\",\"dateModified\":\"2017-02-24T14:35:29+00:00\",\"description\":\"Plateau de rangement pour fraises MIY MakerSpace pour les cr\u00e9ateurs. Le seul fablab de coworking de Fribourg avec machines de pointe, coaching et team building\",\"breadcrumb\":{\"@id\":\"https:\/\/www.miy.ch\/fr\/technologies\/cnc-laser\/plateau-de-rangement-pour-fraises\/#breadcrumb\"},\"inLanguage\":\"fr-FR\",\"potentialAction\":[{\"@type\":\"ReadAction\",\"target\":[\"https:\/\/www.miy.ch\/fr\/technologies\/cnc-laser\/plateau-de-rangement-pour-fraises\/\"]}]},{\"@type\":\"ImageObject\",\"inLanguage\":\"fr-FR\",\"@id\":\"https:\/\/www.miy.ch\/fr\/technologies\/cnc-laser\/plateau-de-rangement-pour-fraises\/#primaryimage\",\"url\":\"https:\/\/www.miy.ch\/wp-content\/uploads\/2016\/07\/20170217_162620-1.jpg\",\"contentUrl\":\"https:\/\/www.miy.ch\/wp-content\/uploads\/2016\/07\/20170217_162620-1.jpg\",\"width\":1500,\"height\":844},{\"@type\":\"BreadcrumbList\",\"@id\":\"https:\/\/www.miy.ch\/fr\/technologies\/cnc-laser\/plateau-de-rangement-pour-fraises\/#breadcrumb\",\"itemListElement\":[{\"@type\":\"ListItem\",\"position\":1,\"name\":\"Home\",\"item\":\"https:\/\/www.miy.ch\/fr\/\"},{\"@type\":\"ListItem\",\"position\":2,\"name\":\"Plateau de rangement pour fraises\"}]},{\"@type\":\"WebSite\",\"@id\":\"https:\/\/www.miy.ch\/fr\/#website\",\"url\":\"https:\/\/www.miy.ch\/fr\/\",\"name\":\"Miy MakerSpace et fablab fribourg espace coworking suisse\",\"description\":\"Coaching coworking et espace pour bricolage  coworking et coaching fribourg\",\"publisher\":{\"@id\":\"https:\/\/www.miy.ch\/fr\/#organization\"},\"alternateName\":\"Miy MakerSpace et fablab Fribourg\",\"potentialAction\":[{\"@type\":\"SearchAction\",\"target\":{\"@type\":\"EntryPoint\",\"urlTemplate\":\"https:\/\/www.miy.ch\/fr\/?s={search_term_string}\"},\"query-input\":{\"@type\":\"PropertyValueSpecification\",\"valueRequired\":true,\"valueName\":\"search_term_string\"}}],\"inLanguage\":\"fr-FR\"},{\"@type\":\"Organization\",\"@id\":\"https:\/\/www.miy.ch\/fr\/#organization\",\"name\":\"MIY MakerSpace et espace coworking et coaching\",\"alternateName\":\"Coaching et coworking espace formation continue\",\"url\":\"https:\/\/www.miy.ch\/fr\/\",\"logo\":{\"@type\":\"ImageObject\",\"inLanguage\":\"fr-FR\",\"@id\":\"https:\/\/www.miy.ch\/fr\/#\/schema\/logo\/image\/\",\"url\":\"https:\/\/www.miy.ch\/wp-content\/uploads\/2025\/05\/Logomiy.gif\",\"contentUrl\":\"https:\/\/www.miy.ch\/wp-content\/uploads\/2025\/05\/Logomiy.gif\",\"width\":1549,\"height\":1110,\"caption\":\"MIY MakerSpace et espace coworking et coaching\"},\"image\":{\"@id\":\"https:\/\/www.miy.ch\/fr\/#\/schema\/logo\/image\/\"},\"sameAs\":[\"https:\/\/www.facebook.com\/groups\/MIYmakerspace\",\"https:\/\/x.com\/miymakerspace\",\"https:\/\/www.instagram.com\/miymakerspace\",\"https:\/\/www.pinterest.com\/miymakerspace\/\"]},{\"@type\":\"Person\",\"@id\":\"https:\/\/www.miy.ch\/fr\/#\/schema\/person\/29767853d5182d0f8d31d5d5026d18e6\",\"name\":\"Pierre Chevalier\",\"url\":\"https:\/\/www.miy.ch\/fr\/author\/soliloq\/\"}]}<\/script>\n<!-- \/ Yoast SEO plugin. -->","yoast_head_json":{"title":"Plateau de rangement pour fraises MIY Makerspace coworking coaching","description":"Plateau de rangement pour fraises MIY MakerSpace pour les cr\u00e9ateurs. Le seul fablab de coworking de Fribourg avec machines de pointe, coaching et team building","robots":{"index":"index","follow":"follow","max-snippet":"max-snippet:-1","max-image-preview":"max-image-preview:large","max-video-preview":"max-video-preview:-1"},"canonical":"https:\/\/www.miy.ch\/fr\/technologies\/cnc-laser\/plateau-de-rangement-pour-fraises\/","og_locale":"fr_FR","og_type":"article","og_title":"Plateau de rangement pour fraises MIY Makerspace coworking coaching","og_description":"Plateau de rangement pour fraises MIY MakerSpace pour les cr\u00e9ateurs. Le seul fablab de coworking de Fribourg avec machines de pointe, coaching et team building","og_url":"https:\/\/www.miy.ch\/fr\/technologies\/cnc-laser\/plateau-de-rangement-pour-fraises\/","og_site_name":"MIY Makerspace","article_publisher":"https:\/\/www.facebook.com\/groups\/MIYmakerspace","article_published_time":"2017-02-24T14:19:15+00:00","article_modified_time":"2017-02-24T14:35:29+00:00","og_image":[{"width":1500,"height":844,"url":"https:\/\/www.miy.ch\/wp-content\/uploads\/2016\/07\/20170217_162620-1.jpg","type":"image\/jpeg"}],"author":"Pierre Chevalier","twitter_card":"summary_large_image","twitter_creator":"@miymakerspace","twitter_site":"@miymakerspace","twitter_misc":{"\u00c9crit par":"Pierre Chevalier","Dur\u00e9e de lecture estim\u00e9e":"2 minutes"},"schema":{"@context":"https:\/\/schema.org","@graph":[{"@type":"Article","@id":"https:\/\/www.miy.ch\/fr\/technologies\/cnc-laser\/plateau-de-rangement-pour-fraises\/#article","isPartOf":{"@id":"https:\/\/www.miy.ch\/fr\/technologies\/cnc-laser\/plateau-de-rangement-pour-fraises\/"},"author":{"name":"Pierre Chevalier","@id":"https:\/\/www.miy.ch\/fr\/#\/schema\/person\/29767853d5182d0f8d31d5d5026d18e6"},"headline":"Plateau de rangement pour fraises","datePublished":"2017-02-24T14:19:15+00:00","dateModified":"2017-02-24T14:35:29+00:00","mainEntityOfPage":{"@id":"https:\/\/www.miy.ch\/fr\/technologies\/cnc-laser\/plateau-de-rangement-pour-fraises\/"},"wordCount":334,"commentCount":0,"publisher":{"@id":"https:\/\/www.miy.ch\/fr\/#organization"},"image":{"@id":"https:\/\/www.miy.ch\/fr\/technologies\/cnc-laser\/plateau-de-rangement-pour-fraises\/#primaryimage"},"thumbnailUrl":"https:\/\/www.miy.ch\/wp-content\/uploads\/2016\/07\/20170217_162620-1.jpg","articleSection":["D\u00e9coupe LASER"],"inLanguage":"fr-FR","potentialAction":[{"@type":"CommentAction","name":"Comment","target":["https:\/\/www.miy.ch\/fr\/technologies\/cnc-laser\/plateau-de-rangement-pour-fraises\/#respond"]}]},{"@type":"WebPage","@id":"https:\/\/www.miy.ch\/fr\/technologies\/cnc-laser\/plateau-de-rangement-pour-fraises\/","url":"https:\/\/www.miy.ch\/fr\/technologies\/cnc-laser\/plateau-de-rangement-pour-fraises\/","name":"Plateau de rangement pour fraises MIY Makerspace coworking coaching","isPartOf":{"@id":"https:\/\/www.miy.ch\/fr\/#website"},"primaryImageOfPage":{"@id":"https:\/\/www.miy.ch\/fr\/technologies\/cnc-laser\/plateau-de-rangement-pour-fraises\/#primaryimage"},"image":{"@id":"https:\/\/www.miy.ch\/fr\/technologies\/cnc-laser\/plateau-de-rangement-pour-fraises\/#primaryimage"},"thumbnailUrl":"https:\/\/www.miy.ch\/wp-content\/uploads\/2016\/07\/20170217_162620-1.jpg","datePublished":"2017-02-24T14:19:15+00:00","dateModified":"2017-02-24T14:35:29+00:00","description":"Plateau de rangement pour fraises MIY MakerSpace pour les cr\u00e9ateurs. Le seul fablab de coworking de Fribourg avec machines de pointe, coaching et team building","breadcrumb":{"@id":"https:\/\/www.miy.ch\/fr\/technologies\/cnc-laser\/plateau-de-rangement-pour-fraises\/#breadcrumb"},"inLanguage":"fr-FR","potentialAction":[{"@type":"ReadAction","target":["https:\/\/www.miy.ch\/fr\/technologies\/cnc-laser\/plateau-de-rangement-pour-fraises\/"]}]},{"@type":"ImageObject","inLanguage":"fr-FR","@id":"https:\/\/www.miy.ch\/fr\/technologies\/cnc-laser\/plateau-de-rangement-pour-fraises\/#primaryimage","url":"https:\/\/www.miy.ch\/wp-content\/uploads\/2016\/07\/20170217_162620-1.jpg","contentUrl":"https:\/\/www.miy.ch\/wp-content\/uploads\/2016\/07\/20170217_162620-1.jpg","width":1500,"height":844},{"@type":"BreadcrumbList","@id":"https:\/\/www.miy.ch\/fr\/technologies\/cnc-laser\/plateau-de-rangement-pour-fraises\/#breadcrumb","itemListElement":[{"@type":"ListItem","position":1,"name":"Home","item":"https:\/\/www.miy.ch\/fr\/"},{"@type":"ListItem","position":2,"name":"Plateau de rangement pour fraises"}]},{"@type":"WebSite","@id":"https:\/\/www.miy.ch\/fr\/#website","url":"https:\/\/www.miy.ch\/fr\/","name":"Miy MakerSpace et fablab fribourg espace coworking suisse","description":"Coaching coworking et espace pour bricolage  coworking et coaching fribourg","publisher":{"@id":"https:\/\/www.miy.ch\/fr\/#organization"},"alternateName":"Miy MakerSpace et fablab Fribourg","potentialAction":[{"@type":"SearchAction","target":{"@type":"EntryPoint","urlTemplate":"https:\/\/www.miy.ch\/fr\/?s={search_term_string}"},"query-input":{"@type":"PropertyValueSpecification","valueRequired":true,"valueName":"search_term_string"}}],"inLanguage":"fr-FR"},{"@type":"Organization","@id":"https:\/\/www.miy.ch\/fr\/#organization","name":"MIY MakerSpace et espace coworking et coaching","alternateName":"Coaching et coworking espace formation continue","url":"https:\/\/www.miy.ch\/fr\/","logo":{"@type":"ImageObject","inLanguage":"fr-FR","@id":"https:\/\/www.miy.ch\/fr\/#\/schema\/logo\/image\/","url":"https:\/\/www.miy.ch\/wp-content\/uploads\/2025\/05\/Logomiy.gif","contentUrl":"https:\/\/www.miy.ch\/wp-content\/uploads\/2025\/05\/Logomiy.gif","width":1549,"height":1110,"caption":"MIY MakerSpace et espace coworking et coaching"},"image":{"@id":"https:\/\/www.miy.ch\/fr\/#\/schema\/logo\/image\/"},"sameAs":["https:\/\/www.facebook.com\/groups\/MIYmakerspace","https:\/\/x.com\/miymakerspace","https:\/\/www.instagram.com\/miymakerspace","https:\/\/www.pinterest.com\/miymakerspace\/"]},{"@type":"Person","@id":"https:\/\/www.miy.ch\/fr\/#\/schema\/person\/29767853d5182d0f8d31d5d5026d18e6","name":"Pierre Chevalier","url":"https:\/\/www.miy.ch\/fr\/author\/soliloq\/"}]}},"_links":{"self":[{"href":"https:\/\/www.miy.ch\/fr\/wp-json\/wp\/v2\/posts\/30070","targetHints":{"allow":["GET"]}}],"collection":[{"href":"https:\/\/www.miy.ch\/fr\/wp-json\/wp\/v2\/posts"}],"about":[{"href":"https:\/\/www.miy.ch\/fr\/wp-json\/wp\/v2\/types\/post"}],"author":[{"embeddable":true,"href":"https:\/\/www.miy.ch\/fr\/wp-json\/wp\/v2\/users\/2"}],"replies":[{"embeddable":true,"href":"https:\/\/www.miy.ch\/fr\/wp-json\/wp\/v2\/comments?post=30070"}],"version-history":[{"count":1,"href":"https:\/\/www.miy.ch\/fr\/wp-json\/wp\/v2\/posts\/30070\/revisions"}],"predecessor-version":[{"id":30071,"href":"https:\/\/www.miy.ch\/fr\/wp-json\/wp\/v2\/posts\/30070\/revisions\/30071"}],"wp:featuredmedia":[{"embeddable":true,"href":"https:\/\/www.miy.ch\/fr\/wp-json\/wp\/v2\/media\/29909"}],"wp:attachment":[{"href":"https:\/\/www.miy.ch\/fr\/wp-json\/wp\/v2\/media?parent=30070"}],"wp:term":[{"taxonomy":"category","embeddable":true,"href":"https:\/\/www.miy.ch\/fr\/wp-json\/wp\/v2\/categories?post=30070"},{"taxonomy":"post_tag","embeddable":true,"href":"https:\/\/www.miy.ch\/fr\/wp-json\/wp\/v2\/tags?post=30070"}],"curies":[{"name":"wp","href":"https:\/\/api.w.org\/{rel}","templated":true}]}}